
{"id":20299,"date":"2023-12-21T10:41:46","date_gmt":"2023-12-21T09:41:46","guid":{"rendered":"https:\/\/www.meritxellobiols.com\/coaching-comunidades-latinas\/"},"modified":"2024-03-21T16:35:29","modified_gmt":"2024-03-21T15:35:29","slug":"coaching-comunidades-latinas","status":"publish","type":"post","link":"https:\/\/www.meritxellobiols.com\/en\/coaching-comunidades-latinas\/","title":{"rendered":"Coaching for Crisol leaders in Latino communities"},"content":{"rendered":"<p>Unforgettable morning at DREXEL UNIVERSITY DORNSIFE SCHOOL of Public Health in Philadelphia invited by Dr. Ana Martinez-Donate to give a session on COACHING and EMOTIONAL EDUCATION to the Drexel University faculty team that is part of the CRISOL project that she directs.<br \/>\nUnder the title &#8220;Coaching for the Crisol leaders of the Latino communities&#8221; the objective was to explain how Coaching and Emotional Education can bring value to the leaders who are part of the project.<br \/>\nI thank Dr. Ana Martinez-Donate for the opportunity to open the door to this promising collaboration, in which we both fervently believe and where I am absolutely convinced that Coaching and Emotional Education of these leaders can contribute to their better performance in their respective communities. <a href=\"https:\/\/rieeb.com\/\">RIEEB &#8211; Red Internacional de Educaci\u00f3n Emocional y Bienestar.<\/a><\/p>\n<p>&nbsp;<\/p>\n<p><img fetchpriority=\"high\" decoding=\"async\" class=\"aligncenter wp-image-20211 size-full\" src=\"https:\/\/www.meritxellobiols.com\/wp-content\/uploads\/Coaching-para-las-lideres-Crisol-de-las-comunidades-latinas.jpg\" alt=\"Coaching comunidades latinas | L\u00edderes | Meritxell Obiols | Coach\" width=\"567\" height=\"425\" srcset=\"https:\/\/www.meritxellobiols.com\/wp-content\/uploads\/Coaching-para-las-lideres-Crisol-de-las-comunidades-latinas.jpg 567w, https:\/\/www.meritxellobiols.com\/wp-content\/uploads\/Coaching-para-las-lideres-Crisol-de-las-comunidades-latinas-300x225.jpg 300w, https:\/\/www.meritxellobiols.com\/wp-content\/uploads\/Coaching-para-las-lideres-Crisol-de-las-comunidades-latinas-440x330.jpg 440w\" sizes=\"(max-width: 567px) 100vw, 567px\" \/><\/p>\n","protected":false},"excerpt":{"rendered":"<p>Unforgettable morning at DREXEL UNIVERSITY DORNSIFE SCHOOL of Public Health in Philadelphia invited by Dr. Ana Martinez-Donate to give a session on COACHING and EMOTIONAL EDUCATION to the Drexel University faculty team that is part of the CRISOL project that [&hellip;]<\/p>\n","protected":false},"author":6,"featured_media":20212,"comment_status":"closed","ping_status":"closed","sticky":false,"template":"","format":"standard","meta":{"footnotes":""},"categories":[392],"tags":[396,411,412],"class_list":["post-20299","post","type-post","status-publish","format-standard","has-post-thumbnail","hentry","category-profesional-en","tag-coaching-en","tag-comunidades-en","tag-lideres-en"],"yoast_head":"<!-- This site is optimized with the Yoast SEO plugin v27.3 - https:\/\/yoast.com\/product\/yoast-seo-wordpress\/ -->\n<title>Coaching for Crisol leaders in Latino communities - Meritxell Obiols<\/title>\n<meta name=\"description\" content=\"el objetivo era explicar c\u00f3mo el Coaching y la Educaci\u00f3n Emocional pueden aportar valor a las l\u00edderes que forman parte del proyecto.\" \/>\n<meta name=\"robots\" content=\"index, follow, max-snippet:-1, max-image-preview:large, max-video-preview:-1\" \/>\n<link rel=\"canonical\" href=\"https:\/\/www.meritxellobiols.com\/en\/coaching-comunidades-latinas\/\" \/>\n<meta property=\"og:locale\" content=\"en_US\" \/>\n<meta property=\"og:type\" content=\"article\" \/>\n<meta property=\"og:title\" content=\"Coaching for Crisol leaders in Latino communities - Meritxell Obiols\" \/>\n<meta property=\"og:description\" content=\"el objetivo era explicar c\u00f3mo el Coaching y la Educaci\u00f3n Emocional pueden aportar valor a las l\u00edderes que forman parte del proyecto.\" \/>\n<meta property=\"og:url\" content=\"https:\/\/www.meritxellobiols.com\/en\/coaching-comunidades-latinas\/\" \/>\n<meta property=\"og:site_name\" content=\"Meritxell Obiols\" \/>\n<meta property=\"article:published_time\" content=\"2023-12-21T09:41:46+00:00\" \/>\n<meta property=\"article:modified_time\" content=\"2024-03-21T15:35:29+00:00\" \/>\n<meta property=\"og:image\" content=\"https:\/\/www.meritxellobiols.com\/wp-content\/uploads\/Coaching-para-las-lideres-Crisol-de-las-comunidades-latinas.jpg\" \/>\n\t<meta property=\"og:image:width\" content=\"567\" \/>\n\t<meta property=\"og:image:height\" content=\"425\" \/>\n\t<meta property=\"og:image:type\" content=\"image\/jpeg\" \/>\n<meta name=\"author\" content=\"gestio\" \/>\n<meta name=\"twitter:card\" content=\"summary_large_image\" \/>\n<meta name=\"twitter:label1\" content=\"Written by\" \/>\n\t<meta name=\"twitter:data1\" content=\"gestio\" \/>\n\t<meta name=\"twitter:label2\" content=\"Est. reading time\" \/>\n\t<meta name=\"twitter:data2\" content=\"1 minute\" \/>\n<script type=\"application\/ld+json\" class=\"yoast-schema-graph\">{\"@context\":\"https:\\\/\\\/schema.org\",\"@graph\":[{\"@type\":\"Article\",\"@id\":\"https:\\\/\\\/www.meritxellobiols.com\\\/en\\\/coaching-comunidades-latinas\\\/#article\",\"isPartOf\":{\"@id\":\"https:\\\/\\\/www.meritxellobiols.com\\\/en\\\/coaching-comunidades-latinas\\\/\"},\"author\":{\"name\":\"gestio\",\"@id\":\"https:\\\/\\\/www.meritxellobiols.com\\\/en\\\/#\\\/schema\\\/person\\\/aa661dfe8e2ca969c010f947209b7300\"},\"headline\":\"Coaching for Crisol leaders in Latino communities\",\"datePublished\":\"2023-12-21T09:41:46+00:00\",\"dateModified\":\"2024-03-21T15:35:29+00:00\",\"mainEntityOfPage\":{\"@id\":\"https:\\\/\\\/www.meritxellobiols.com\\\/en\\\/coaching-comunidades-latinas\\\/\"},\"wordCount\":140,\"image\":{\"@id\":\"https:\\\/\\\/www.meritxellobiols.com\\\/en\\\/coaching-comunidades-latinas\\\/#primaryimage\"},\"thumbnailUrl\":\"https:\\\/\\\/www.meritxellobiols.com\\\/wp-content\\\/uploads\\\/Coaching-para-las-lideres-Crisol-de-las-comunidades-latinas.jpg\",\"keywords\":[\"Coaching\",\"comunidades\",\"l\u00edderes\"],\"articleSection\":[\"Professional\"],\"inLanguage\":\"en-US\"},{\"@type\":\"WebPage\",\"@id\":\"https:\\\/\\\/www.meritxellobiols.com\\\/en\\\/coaching-comunidades-latinas\\\/\",\"url\":\"https:\\\/\\\/www.meritxellobiols.com\\\/en\\\/coaching-comunidades-latinas\\\/\",\"name\":\"Coaching for Crisol leaders in Latino communities - Meritxell Obiols\",\"isPartOf\":{\"@id\":\"https:\\\/\\\/www.meritxellobiols.com\\\/en\\\/#website\"},\"primaryImageOfPage\":{\"@id\":\"https:\\\/\\\/www.meritxellobiols.com\\\/en\\\/coaching-comunidades-latinas\\\/#primaryimage\"},\"image\":{\"@id\":\"https:\\\/\\\/www.meritxellobiols.com\\\/en\\\/coaching-comunidades-latinas\\\/#primaryimage\"},\"thumbnailUrl\":\"https:\\\/\\\/www.meritxellobiols.com\\\/wp-content\\\/uploads\\\/Coaching-para-las-lideres-Crisol-de-las-comunidades-latinas.jpg\",\"datePublished\":\"2023-12-21T09:41:46+00:00\",\"dateModified\":\"2024-03-21T15:35:29+00:00\",\"author\":{\"@id\":\"https:\\\/\\\/www.meritxellobiols.com\\\/en\\\/#\\\/schema\\\/person\\\/aa661dfe8e2ca969c010f947209b7300\"},\"description\":\"el objetivo era explicar c\u00f3mo el Coaching y la Educaci\u00f3n Emocional pueden aportar valor a las l\u00edderes que forman parte del proyecto.\",\"breadcrumb\":{\"@id\":\"https:\\\/\\\/www.meritxellobiols.com\\\/en\\\/coaching-comunidades-latinas\\\/#breadcrumb\"},\"inLanguage\":\"en-US\",\"potentialAction\":[{\"@type\":\"ReadAction\",\"target\":[\"https:\\\/\\\/www.meritxellobiols.com\\\/en\\\/coaching-comunidades-latinas\\\/\"]}]},{\"@type\":\"ImageObject\",\"inLanguage\":\"en-US\",\"@id\":\"https:\\\/\\\/www.meritxellobiols.com\\\/en\\\/coaching-comunidades-latinas\\\/#primaryimage\",\"url\":\"https:\\\/\\\/www.meritxellobiols.com\\\/wp-content\\\/uploads\\\/Coaching-para-las-lideres-Crisol-de-las-comunidades-latinas.jpg\",\"contentUrl\":\"https:\\\/\\\/www.meritxellobiols.com\\\/wp-content\\\/uploads\\\/Coaching-para-las-lideres-Crisol-de-las-comunidades-latinas.jpg\",\"width\":567,\"height\":425,\"caption\":\"Coaching comunidades latinas | L\u00edderes | Meritxell Obiols | Coach\"},{\"@type\":\"BreadcrumbList\",\"@id\":\"https:\\\/\\\/www.meritxellobiols.com\\\/en\\\/coaching-comunidades-latinas\\\/#breadcrumb\",\"itemListElement\":[{\"@type\":\"ListItem\",\"position\":1,\"name\":\"Portada\",\"item\":\"https:\\\/\\\/www.meritxellobiols.com\\\/en\\\/\"},{\"@type\":\"ListItem\",\"position\":2,\"name\":\"Coaching for Crisol leaders in Latino communities\"}]},{\"@type\":\"WebSite\",\"@id\":\"https:\\\/\\\/www.meritxellobiols.com\\\/en\\\/#website\",\"url\":\"https:\\\/\\\/www.meritxellobiols.com\\\/en\\\/\",\"name\":\"Meritxell Obiols\",\"description\":\"Coaching, Inteligencia Emocional, Liderazgo\",\"potentialAction\":[{\"@type\":\"SearchAction\",\"target\":{\"@type\":\"EntryPoint\",\"urlTemplate\":\"https:\\\/\\\/www.meritxellobiols.com\\\/en\\\/?s={search_term_string}\"},\"query-input\":{\"@type\":\"PropertyValueSpecification\",\"valueRequired\":true,\"valueName\":\"search_term_string\"}}],\"inLanguage\":\"en-US\"},{\"@type\":\"Person\",\"@id\":\"https:\\\/\\\/www.meritxellobiols.com\\\/en\\\/#\\\/schema\\\/person\\\/aa661dfe8e2ca969c010f947209b7300\",\"name\":\"gestio\",\"image\":{\"@type\":\"ImageObject\",\"inLanguage\":\"en-US\",\"@id\":\"https:\\\/\\\/secure.gravatar.com\\\/avatar\\\/d476eefb242635d8cf44b8b543cbf349544f62d2d80137ebcd15ee151c976477?s=96&d=mm&r=g\",\"url\":\"https:\\\/\\\/secure.gravatar.com\\\/avatar\\\/d476eefb242635d8cf44b8b543cbf349544f62d2d80137ebcd15ee151c976477?s=96&d=mm&r=g\",\"contentUrl\":\"https:\\\/\\\/secure.gravatar.com\\\/avatar\\\/d476eefb242635d8cf44b8b543cbf349544f62d2d80137ebcd15ee151c976477?s=96&d=mm&r=g\",\"caption\":\"gestio\"},\"url\":\"https:\\\/\\\/www.meritxellobiols.com\\\/en\\\/author\\\/gestio\\\/\"}]}<\/script>\n<!-- \/ Yoast SEO plugin. -->","yoast_head_json":{"title":"Coaching for Crisol leaders in Latino communities - Meritxell Obiols","description":"el objetivo era explicar c\u00f3mo el Coaching y la Educaci\u00f3n Emocional pueden aportar valor a las l\u00edderes que forman parte del proyecto.","robots":{"index":"index","follow":"follow","max-snippet":"max-snippet:-1","max-image-preview":"max-image-preview:large","max-video-preview":"max-video-preview:-1"},"canonical":"https:\/\/www.meritxellobiols.com\/en\/coaching-comunidades-latinas\/","og_locale":"en_US","og_type":"article","og_title":"Coaching for Crisol leaders in Latino communities - Meritxell Obiols","og_description":"el objetivo era explicar c\u00f3mo el Coaching y la Educaci\u00f3n Emocional pueden aportar valor a las l\u00edderes que forman parte del proyecto.","og_url":"https:\/\/www.meritxellobiols.com\/en\/coaching-comunidades-latinas\/","og_site_name":"Meritxell Obiols","article_published_time":"2023-12-21T09:41:46+00:00","article_modified_time":"2024-03-21T15:35:29+00:00","og_image":[{"width":567,"height":425,"url":"https:\/\/www.meritxellobiols.com\/wp-content\/uploads\/Coaching-para-las-lideres-Crisol-de-las-comunidades-latinas.jpg","type":"image\/jpeg"}],"author":"gestio","twitter_card":"summary_large_image","twitter_misc":{"Written by":"gestio","Est. reading time":"1 minute"},"schema":{"@context":"https:\/\/schema.org","@graph":[{"@type":"Article","@id":"https:\/\/www.meritxellobiols.com\/en\/coaching-comunidades-latinas\/#article","isPartOf":{"@id":"https:\/\/www.meritxellobiols.com\/en\/coaching-comunidades-latinas\/"},"author":{"name":"gestio","@id":"https:\/\/www.meritxellobiols.com\/en\/#\/schema\/person\/aa661dfe8e2ca969c010f947209b7300"},"headline":"Coaching for Crisol leaders in Latino communities","datePublished":"2023-12-21T09:41:46+00:00","dateModified":"2024-03-21T15:35:29+00:00","mainEntityOfPage":{"@id":"https:\/\/www.meritxellobiols.com\/en\/coaching-comunidades-latinas\/"},"wordCount":140,"image":{"@id":"https:\/\/www.meritxellobiols.com\/en\/coaching-comunidades-latinas\/#primaryimage"},"thumbnailUrl":"https:\/\/www.meritxellobiols.com\/wp-content\/uploads\/Coaching-para-las-lideres-Crisol-de-las-comunidades-latinas.jpg","keywords":["Coaching","comunidades","l\u00edderes"],"articleSection":["Professional"],"inLanguage":"en-US"},{"@type":"WebPage","@id":"https:\/\/www.meritxellobiols.com\/en\/coaching-comunidades-latinas\/","url":"https:\/\/www.meritxellobiols.com\/en\/coaching-comunidades-latinas\/","name":"Coaching for Crisol leaders in Latino communities - Meritxell Obiols","isPartOf":{"@id":"https:\/\/www.meritxellobiols.com\/en\/#website"},"primaryImageOfPage":{"@id":"https:\/\/www.meritxellobiols.com\/en\/coaching-comunidades-latinas\/#primaryimage"},"image":{"@id":"https:\/\/www.meritxellobiols.com\/en\/coaching-comunidades-latinas\/#primaryimage"},"thumbnailUrl":"https:\/\/www.meritxellobiols.com\/wp-content\/uploads\/Coaching-para-las-lideres-Crisol-de-las-comunidades-latinas.jpg","datePublished":"2023-12-21T09:41:46+00:00","dateModified":"2024-03-21T15:35:29+00:00","author":{"@id":"https:\/\/www.meritxellobiols.com\/en\/#\/schema\/person\/aa661dfe8e2ca969c010f947209b7300"},"description":"el objetivo era explicar c\u00f3mo el Coaching y la Educaci\u00f3n Emocional pueden aportar valor a las l\u00edderes que forman parte del proyecto.","breadcrumb":{"@id":"https:\/\/www.meritxellobiols.com\/en\/coaching-comunidades-latinas\/#breadcrumb"},"inLanguage":"en-US","potentialAction":[{"@type":"ReadAction","target":["https:\/\/www.meritxellobiols.com\/en\/coaching-comunidades-latinas\/"]}]},{"@type":"ImageObject","inLanguage":"en-US","@id":"https:\/\/www.meritxellobiols.com\/en\/coaching-comunidades-latinas\/#primaryimage","url":"https:\/\/www.meritxellobiols.com\/wp-content\/uploads\/Coaching-para-las-lideres-Crisol-de-las-comunidades-latinas.jpg","contentUrl":"https:\/\/www.meritxellobiols.com\/wp-content\/uploads\/Coaching-para-las-lideres-Crisol-de-las-comunidades-latinas.jpg","width":567,"height":425,"caption":"Coaching comunidades latinas | L\u00edderes | Meritxell Obiols | Coach"},{"@type":"BreadcrumbList","@id":"https:\/\/www.meritxellobiols.com\/en\/coaching-comunidades-latinas\/#breadcrumb","itemListElement":[{"@type":"ListItem","position":1,"name":"Portada","item":"https:\/\/www.meritxellobiols.com\/en\/"},{"@type":"ListItem","position":2,"name":"Coaching for Crisol leaders in Latino communities"}]},{"@type":"WebSite","@id":"https:\/\/www.meritxellobiols.com\/en\/#website","url":"https:\/\/www.meritxellobiols.com\/en\/","name":"Meritxell Obiols","description":"Coaching, Inteligencia Emocional, Liderazgo","potentialAction":[{"@type":"SearchAction","target":{"@type":"EntryPoint","urlTemplate":"https:\/\/www.meritxellobiols.com\/en\/?s={search_term_string}"},"query-input":{"@type":"PropertyValueSpecification","valueRequired":true,"valueName":"search_term_string"}}],"inLanguage":"en-US"},{"@type":"Person","@id":"https:\/\/www.meritxellobiols.com\/en\/#\/schema\/person\/aa661dfe8e2ca969c010f947209b7300","name":"gestio","image":{"@type":"ImageObject","inLanguage":"en-US","@id":"https:\/\/secure.gravatar.com\/avatar\/d476eefb242635d8cf44b8b543cbf349544f62d2d80137ebcd15ee151c976477?s=96&d=mm&r=g","url":"https:\/\/secure.gravatar.com\/avatar\/d476eefb242635d8cf44b8b543cbf349544f62d2d80137ebcd15ee151c976477?s=96&d=mm&r=g","contentUrl":"https:\/\/secure.gravatar.com\/avatar\/d476eefb242635d8cf44b8b543cbf349544f62d2d80137ebcd15ee151c976477?s=96&d=mm&r=g","caption":"gestio"},"url":"https:\/\/www.meritxellobiols.com\/en\/author\/gestio\/"}]}},"_links":{"self":[{"href":"https:\/\/www.meritxellobiols.com\/en\/wp-json\/wp\/v2\/posts\/20299","targetHints":{"allow":["GET"]}}],"collection":[{"href":"https:\/\/www.meritxellobiols.com\/en\/wp-json\/wp\/v2\/posts"}],"about":[{"href":"https:\/\/www.meritxellobiols.com\/en\/wp-json\/wp\/v2\/types\/post"}],"author":[{"embeddable":true,"href":"https:\/\/www.meritxellobiols.com\/en\/wp-json\/wp\/v2\/users\/6"}],"replies":[{"embeddable":true,"href":"https:\/\/www.meritxellobiols.com\/en\/wp-json\/wp\/v2\/comments?post=20299"}],"version-history":[{"count":3,"href":"https:\/\/www.meritxellobiols.com\/en\/wp-json\/wp\/v2\/posts\/20299\/revisions"}],"predecessor-version":[{"id":20379,"href":"https:\/\/www.meritxellobiols.com\/en\/wp-json\/wp\/v2\/posts\/20299\/revisions\/20379"}],"wp:featuredmedia":[{"embeddable":true,"href":"https:\/\/www.meritxellobiols.com\/en\/wp-json\/wp\/v2\/media\/20212"}],"wp:attachment":[{"href":"https:\/\/www.meritxellobiols.com\/en\/wp-json\/wp\/v2\/media?parent=20299"}],"wp:term":[{"taxonomy":"category","embeddable":true,"href":"https:\/\/www.meritxellobiols.com\/en\/wp-json\/wp\/v2\/categories?post=20299"},{"taxonomy":"post_tag","embeddable":true,"href":"https:\/\/www.meritxellobiols.com\/en\/wp-json\/wp\/v2\/tags?post=20299"}],"curies":[{"name":"wp","href":"https:\/\/api.w.org\/{rel}","templated":true}]}}